{"id":1109,"date":"2023-11-22T07:29:37","date_gmt":"2023-11-22T07:29:37","guid":{"rendered":"https:\/\/www.omanimpresores.com\/blog\/?p=1109"},"modified":"2023-12-01T13:50:16","modified_gmt":"2023-12-01T13:50:16","slug":"decorado-de-cantos","status":"publish","type":"post","link":"https:\/\/www.omanimpresores.com\/blog\/consejos-acabados\/decorado-de-cantos\/","title":{"rendered":"Por qu\u00e9 debes considerar el decorado de cantos en tu pr\u00f3ximo proyecto"},"content":{"rendered":"\t\t<div data-elementor-type=\"wp-post\" data-elementor-id=\"1109\" class=\"elementor elementor-1109\" data-elementor-post-type=\"post\">\n\t\t\t\t\t\t\t\t\t<section class=\"elementor-section elementor-top-section elementor-element elementor-element-691d554 elementor-section-boxed elementor-section-height-default elementor-section-height-default\" data-id=\"691d554\" data-element_type=\"section\">\n\t\t\t\t\t\t<div class=\"elementor-container elementor-column-gap-default\">\n\t\t\t\t\t<div class=\"elementor-column elementor-col-100 elementor-top-column elementor-element elementor-element-21664579\" data-id=\"21664579\" data-element_type=\"column\">\n\t\t\t<div class=\"elementor-widget-wrap elementor-element-populated\">\n\t\t\t\t\t\t\t\t<div class=\"elementor-element elementor-element-7c3bc4e3 elementor-widget__width-initial elementor-widget elementor-widget-text-editor\" data-id=\"7c3bc4e3\" data-element_type=\"widget\" data-widget_type=\"text-editor.default\">\n\t\t\t\t<div class=\"elementor-widget-container\">\n\t\t\t<style>\/*! elementor - v3.18.0 - 20-12-2023 *\/\n.elementor-widget-text-editor.elementor-drop-cap-view-stacked .elementor-drop-cap{background-color:#69727d;color:#fff}.elementor-widget-text-editor.elementor-drop-cap-view-framed .elementor-drop-cap{color:#69727d;border:3px solid;background-color:transparent}.elementor-widget-text-editor:not(.elementor-drop-cap-view-default) .elementor-drop-cap{margin-top:8px}.elementor-widget-text-editor:not(.elementor-drop-cap-view-default) .elementor-drop-cap-letter{width:1em;height:1em}.elementor-widget-text-editor .elementor-drop-cap{float:left;text-align:center;line-height:1;font-size:50px}.elementor-widget-text-editor .elementor-drop-cap-letter{display:inline-block}<\/style>\t\t\t\t<p>\u00bfEst\u00e1s buscando una impresi\u00f3n de alta calidad para un proyecto importante? Ya sea una tarjeta, una invitaci\u00f3n o un cuaderno para una presentaci\u00f3n visualmente impactante, es fundamental que consideres cada detalle. <strong>Y uno de esos detalles cruciales, aunque muchas veces no lo tengamos en cuenta, es la decoraci\u00f3n de cantos.<\/strong><\/p>\n<blockquote>\n<p>\u00bfHas pensado alguna vez en jugar con la decoraci\u00f3n de los bordes en lugar de limitarte a la superficie de tu impresi\u00f3n? Los m\u00faltiples materiales que existen en infinidad de colores y grosores nos ofrecen esta posibilidad tan interesante.<\/p>\n<\/blockquote>\n<p>En este art\u00edculo vamos a explicarte qu\u00e9 es la decoraci\u00f3n de cantos, c\u00f3mo se crean esos bordes de color y qu\u00e9 t\u00e9cnicas son las m\u00e1s utilizadas para ello. \u00bfQuieres saber todos los tipos de cantos que existen? \u00a1Vamos a ello!<\/p>\n<p><!-- \/wp:paragraph --><\/p>\t\t\t\t\t\t<\/div>\n\t\t\t\t<\/div>\n\t\t\t\t<div class=\"elementor-element elementor-element-ad1672b elementor-widget elementor-widget-text-editor\" data-id=\"ad1672b\" data-element_type=\"widget\" data-widget_type=\"text-editor.default\">\n\t\t\t\t<div class=\"elementor-widget-container\">\n\t\t\t\t\t\t\t<div id=\"ez-toc-container\" class=\"ez-toc-v2_0_55 counter-flat ez-toc-counter ez-toc-grey ez-toc-container-direction\">\n<div class=\"ez-toc-title-container\">\n<p class=\"ez-toc-title \" >Tabla de contenidos<\/p>\n<span class=\"ez-toc-title-toggle\"><\/span><\/div>\n<nav><ul class='ez-toc-list ez-toc-list-level-1 ' ><li class='ez-toc-page-1'><a class=\"ez-toc-link ez-toc-heading-1\" href=\"https:\/\/www.omanimpresores.com\/blog\/consejos-acabados\/decorado-de-cantos\/#%C2%BFQue_es_un_borde_decorativo\" title=\"\u00bfQu\u00e9 es un borde decorativo?\">\u00bfQu\u00e9 es un borde decorativo?<\/a><\/li><li class='ez-toc-page-1'><a class=\"ez-toc-link ez-toc-heading-2\" href=\"https:\/\/www.omanimpresores.com\/blog\/consejos-acabados\/decorado-de-cantos\/#%C2%BFComo_se_decoran_los_cantos\" title=\"\u00bfC\u00f3mo se decoran los cantos?\">\u00bfC\u00f3mo se decoran los cantos?<\/a><\/li><li class='ez-toc-page-1'><a class=\"ez-toc-link ez-toc-heading-3\" href=\"https:\/\/www.omanimpresores.com\/blog\/consejos-acabados\/decorado-de-cantos\/#Tecnicas_para_la_decoracion_de_bordes\" title=\"T\u00e9cnicas para la decoraci\u00f3n de bordes\">T\u00e9cnicas para la decoraci\u00f3n de bordes<\/a><\/li><li class='ez-toc-page-1'><a class=\"ez-toc-link ez-toc-heading-4\" href=\"https:\/\/www.omanimpresores.com\/blog\/consejos-acabados\/decorado-de-cantos\/#Tipos_de_Cantos\" title=\"Tipos de Cantos\">Tipos de Cantos<\/a><\/li><\/ul><\/nav><\/div>\n<h2 class=\"wp-block-heading\"><span class=\"ez-toc-section\" id=\"%C2%BFQue_es_un_borde_decorativo\"><\/span><strong>\u00bfQu\u00e9 es un borde decorativo?<\/strong><span class=\"ez-toc-section-end\"><\/span><\/h2>\nLa\u00a0<a href=\"https:\/\/www.omanimpresores.com\/acabados-cantos-pintados.html\">decoraci\u00f3n de cantos<\/a>\u00a0consiste en resaltar y embellecer los bordes de un material impreso, a\u00f1adi\u00e9ndole as\u00ed\u00a0<strong>un toque de sofisticaci\u00f3n y originalidad a los proyectos.<\/strong>\u00a0Pueden ser los bordes de una tarjeta,\u00a0una invitaci\u00f3n, las p\u00e1ginas de un cuaderno\u00a0o de cualquier otra superficie plana que requiera un acabado est\u00e9tico y elegante.\n\nLos bordes o cantos pintados forman parte de esos peque\u00f1os detalles que a veces pueden pasar desapercibidos, pero que tienen un\u00a0<strong>impacto visual significativo.<\/strong>\n<h2 class=\"wp-block-heading\"><span class=\"ez-toc-section\" id=\"%C2%BFComo_se_decoran_los_cantos\"><\/span><strong>\u00bfC\u00f3mo se decoran los cantos?<\/strong><span class=\"ez-toc-section-end\"><\/span><\/h2>\nPara llevar a cabo la decoraci\u00f3n de bordes se emplean diversas t\u00e9cnicas, que permiten personalizar cada tipo de proyecto. En cualquier caso,\u00a0<strong>los pigmentos deben impregnarse bien en el material correspondiente<\/strong>, aunque no demasiado ni con una capa muy gruesa, para no interferir en las hojas.\n<blockquote>Por ello, antes de pintar y decorar los cantos, hay que pulir la superficie del borde y, en ocasiones, a\u00f1adirle una capa de mordiente. Al terminar, habr\u00e1 que a\u00f1adirle tambi\u00e9n una buena\u00a0capa protectora.<\/blockquote>\nLos bordes o cantos pintados forman parte de esos peque\u00f1os detalles que a veces pueden pasar desapercibidos, pero que tienen un\u00a0<strong>impacto visual significativo.<\/strong>\n<h2 class=\"wp-block-heading\"><span class=\"ez-toc-section\" id=\"Tecnicas_para_la_decoracion_de_bordes\"><\/span><strong>T\u00e9cnicas para la decoraci\u00f3n de bordes<\/strong><span class=\"ez-toc-section-end\"><\/span><\/h2>\nComo hemos comentado, la decoraci\u00f3n de los bordes de\u00a0un cuaderno, una invitaci\u00f3n o incluso una tarjeta,\u00a0se puede llevar a cabo a trav\u00e9s de diferentes t\u00e9cnicas, tanto manuales como digitales. En Om\u00e1n Impresores utilizamos las siguientes:\n<ul>\n \t<li><strong>Pintura.<\/strong>\u00a0Consiste en pintar los bordes de color.<\/li>\n \t<li><strong>Estampaci\u00f3n.<\/strong>\u00a0Se trata, b\u00e1sicamente, del estampado de los cantos.<\/li>\n \t<li><strong>Contracolado.<\/strong>\u00a0Se basa en el uso de soportes de distinto color y gramaje en el interior.<\/li>\n \t<li><strong>Personalizado.<\/strong>\u00a0Personalizar el canto de delantera de libros, cuadernos, etc. con un logotipo en color, eslogan\u2026<\/li>\n<\/ul>\n<h2 class=\"wp-block-heading\"><span class=\"ez-toc-section\" id=\"Tipos_de_Cantos\"><\/span><strong>Tipos de Cantos<\/strong><span class=\"ez-toc-section-end\"><\/span><\/h2>\nCuando se trata de la decoraci\u00f3n de bordes, es esencial considerar los distintos tipos de cantos que puedes elegir. Estos son los m\u00e1s populares:\n<h3 class=\"wp-block-heading\"><strong>Cantos pintados<\/strong><\/h3>\t\t\t\t\t\t<\/div>\n\t\t\t\t<\/div>\n\t\t\t\t\t<\/div>\n\t\t<\/div>\n\t\t\t\t\t\t\t<\/div>\n\t\t<\/section>\n\t\t<div class=\"elementor-element elementor-element-3bfc6bc e-flex e-con-boxed e-con e-parent\" data-id=\"3bfc6bc\" data-element_type=\"container\" data-settings=\"{&quot;container_type&quot;:&quot;flex&quot;,&quot;content_width&quot;:&quot;boxed&quot;}\" data-core-v316-plus=\"true\">\n\t\t\t\t\t<div class=\"e-con-inner\">\n\t\t\t\t<div class=\"elementor-element elementor-element-c4c87d4 elementor-widget elementor-widget-image\" data-id=\"c4c87d4\" data-element_type=\"widget\" data-widget_type=\"image.default\">\n\t\t\t\t<div class=\"elementor-widget-container\">\n\t\t\t<style>\/*! elementor - v3.18.0 - 20-12-2023 *\/\n.elementor-widget-image{text-align:center}.elementor-widget-image a{display:inline-block}.elementor-widget-image a img[src$=\".svg\"]{width:48px}.elementor-widget-image img{vertical-align:middle;display:inline-block}<\/style>\t\t\t\t\t\t\t\t\t\t\t\t<img fetchpriority=\"high\" decoding=\"async\" width=\"1024\" height=\"525\" src=\"https:\/\/www.omanimpresores.com\/blog\/wp-content\/uploads\/2023\/11\/cantos-pintados.jpg\" class=\"attachment-full size-full wp-image-1063\" alt=\"cantos pintados\" srcset=\"https:\/\/www.omanimpresores.com\/blog\/wp-content\/uploads\/2023\/11\/cantos-pintados.jpg 1024w, https:\/\/www.omanimpresores.com\/blog\/wp-content\/uploads\/2023\/11\/cantos-pintados-300x154.jpg 300w, https:\/\/www.omanimpresores.com\/blog\/wp-content\/uploads\/2023\/11\/cantos-pintados-768x394.jpg 768w\" sizes=\"(max-width: 1024px) 100vw, 1024px\" \/>\t\t\t\t\t\t\t\t\t\t\t\t\t\t\t<\/div>\n\t\t\t\t<\/div>\n\t\t\t\t\t<\/div>\n\t\t\t\t<\/div>\n\t\t<div class=\"elementor-element elementor-element-639fcfd e-flex e-con-boxed e-con e-parent\" data-id=\"639fcfd\" data-element_type=\"container\" data-settings=\"{&quot;container_type&quot;:&quot;flex&quot;,&quot;content_width&quot;:&quot;boxed&quot;}\" data-core-v316-plus=\"true\">\n\t\t\t\t\t<div class=\"e-con-inner\">\n\t\t\t\t<div class=\"elementor-element elementor-element-cb63f60 elementor-widget elementor-widget-text-editor\" data-id=\"cb63f60\" data-element_type=\"widget\" data-widget_type=\"text-editor.default\">\n\t\t\t\t<div class=\"elementor-widget-container\">\n\t\t\t\t\t\t\t\t\t\t\t\t\t<\/div>\n\t\t\t\t<\/div>\n\t\t\t\t\t<\/div>\n\t\t\t\t<\/div>\n\t\t<div class=\"elementor-element elementor-element-fe20ea1 e-flex e-con-boxed e-con e-parent\" data-id=\"fe20ea1\" data-element_type=\"container\" data-settings=\"{&quot;container_type&quot;:&quot;flex&quot;,&quot;content_width&quot;:&quot;boxed&quot;}\" data-core-v316-plus=\"true\">\n\t\t\t\t\t<div class=\"e-con-inner\">\n\t\t\t\t<div class=\"elementor-element elementor-element-efb7be2 elementor-widget elementor-widget-text-editor\" data-id=\"efb7be2\" data-element_type=\"widget\" data-widget_type=\"text-editor.default\">\n\t\t\t\t<div class=\"elementor-widget-container\">\n\t\t\t\t\t\t\t<p>Los cantos pintados son una opci\u00f3n muy extendida, vers\u00e1til y personalizable. Y es que puedes elegir una amplia gama de colores y tonalidades para que se ajusten\u00a0lo m\u00e1s posible\u00a0a la est\u00e9tica de tu proyecto.<\/p><p>Cuanto mayor sea el grosor del soporte que vayas a utilizar, m\u00e1s destacado ser\u00e1 el resultado.\u00a0<\/p><h3 class=\"wp-block-heading\"><strong>Estampaci\u00f3n de cantos<\/strong><\/h3>\t\t\t\t\t\t<\/div>\n\t\t\t\t<\/div>\n\t\t\t\t\t<\/div>\n\t\t\t\t<\/div>\n\t\t<div class=\"elementor-element elementor-element-4014a75 e-flex e-con-boxed e-con e-parent\" data-id=\"4014a75\" data-element_type=\"container\" data-settings=\"{&quot;container_type&quot;:&quot;flex&quot;,&quot;content_width&quot;:&quot;boxed&quot;}\" data-core-v316-plus=\"true\">\n\t\t\t\t\t<div class=\"e-con-inner\">\n\t\t\t\t<div class=\"elementor-element elementor-element-4f51a5d elementor-widget elementor-widget-image\" data-id=\"4f51a5d\" data-element_type=\"widget\" data-widget_type=\"image.default\">\n\t\t\t\t<div class=\"elementor-widget-container\">\n\t\t\t\t\t\t\t\t\t\t\t\t\t\t\t<img decoding=\"async\" width=\"1024\" height=\"525\" src=\"https:\/\/www.omanimpresores.com\/blog\/wp-content\/uploads\/2023\/11\/estampacion-cantos-oro.jpg\" class=\"attachment-full size-full wp-image-1066\" alt=\"estampaci\u00f3n de cantos\" srcset=\"https:\/\/www.omanimpresores.com\/blog\/wp-content\/uploads\/2023\/11\/estampacion-cantos-oro.jpg 1024w, https:\/\/www.omanimpresores.com\/blog\/wp-content\/uploads\/2023\/11\/estampacion-cantos-oro-300x154.jpg 300w, https:\/\/www.omanimpresores.com\/blog\/wp-content\/uploads\/2023\/11\/estampacion-cantos-oro-768x394.jpg 768w\" sizes=\"(max-width: 1024px) 100vw, 1024px\" \/>\t\t\t\t\t\t\t\t\t\t\t\t\t\t\t<\/div>\n\t\t\t\t<\/div>\n\t\t\t\t\t<\/div>\n\t\t\t\t<\/div>\n\t\t<div class=\"elementor-element elementor-element-5eb32de e-flex e-con-boxed e-con e-parent\" data-id=\"5eb32de\" data-element_type=\"container\" data-settings=\"{&quot;container_type&quot;:&quot;flex&quot;,&quot;content_width&quot;:&quot;boxed&quot;}\" data-core-v316-plus=\"true\">\n\t\t\t\t\t<div class=\"e-con-inner\">\n\t\t\t\t<div class=\"elementor-element elementor-element-4acfe2b elementor-widget elementor-widget-text-editor\" data-id=\"4acfe2b\" data-element_type=\"widget\" data-widget_type=\"text-editor.default\">\n\t\t\t\t<div class=\"elementor-widget-container\">\n\t\t\t\t\t\t\t<p>La estampaci\u00f3n de cantos comenz\u00f3 hace siglos siendo un sistema para proteger los libros, y ahora se ha convertido en un tipo de decoraci\u00f3n de bordes de lo m\u00e1s premium.<\/p>\n<p>Mediante <strong>la aplicaci\u00f3n de una l\u00e1mina o pel\u00edcula<\/strong> en los cantos, se crea un acabado muy sofisticado que atrae la atenci\u00f3n y comunica un alto nivel de calidad. Disponemos de una gran variedad de colores, en acabado mate o brillante, metalizados\u2026<\/p>\n<blockquote>\n<p>La estampaci\u00f3n de cantos es ideal cuando buscas destacar la elegancia y la distinci\u00f3n de una impresi\u00f3n concreta, puesto que los acabados estampados suelen asociarse a proyectos de lujo.<\/p>\n<\/blockquote>\n<p>Adem\u00e1s, este tipo de decorado de los bordes aporta mayor <strong>brillo y luminosida<\/strong>d, al conseguir que la luz se refleje a trav\u00e9s de las pel\u00edculas de oro o plata u otros materiales que podemos utilizar.<\/p>\n<h3 class=\"wp-block-heading\"><strong>Contracolado<\/strong><\/h3>\t\t\t\t\t\t<\/div>\n\t\t\t\t<\/div>\n\t\t\t\t\t<\/div>\n\t\t\t\t<\/div>\n\t\t<div class=\"elementor-element elementor-element-b1580d2 e-flex e-con-boxed e-con e-parent\" data-id=\"b1580d2\" data-element_type=\"container\" data-settings=\"{&quot;container_type&quot;:&quot;flex&quot;,&quot;content_width&quot;:&quot;boxed&quot;}\" data-core-v316-plus=\"true\">\n\t\t\t\t\t<div class=\"e-con-inner\">\n\t\t\t\t<div class=\"elementor-element elementor-element-7f91c3c elementor-widget elementor-widget-image\" data-id=\"7f91c3c\" data-element_type=\"widget\" data-widget_type=\"image.default\">\n\t\t\t\t<div class=\"elementor-widget-container\">\n\t\t\t\t\t\t\t\t\t\t\t\t\t\t\t<img decoding=\"async\" width=\"1024\" height=\"525\" src=\"https:\/\/www.omanimpresores.com\/blog\/wp-content\/uploads\/2023\/11\/contracolado-sandwich.jpg\" class=\"attachment-full size-full wp-image-1064\" alt=\"contracolado s\u00e1ndwich\" srcset=\"https:\/\/www.omanimpresores.com\/blog\/wp-content\/uploads\/2023\/11\/contracolado-sandwich.jpg 1024w, https:\/\/www.omanimpresores.com\/blog\/wp-content\/uploads\/2023\/11\/contracolado-sandwich-300x154.jpg 300w, https:\/\/www.omanimpresores.com\/blog\/wp-content\/uploads\/2023\/11\/contracolado-sandwich-768x394.jpg 768w\" sizes=\"(max-width: 1024px) 100vw, 1024px\" \/>\t\t\t\t\t\t\t\t\t\t\t\t\t\t\t<\/div>\n\t\t\t\t<\/div>\n\t\t\t\t\t<\/div>\n\t\t\t\t<\/div>\n\t\t<div class=\"elementor-element elementor-element-0dfa723 e-flex e-con-boxed e-con e-parent\" data-id=\"0dfa723\" data-element_type=\"container\" data-settings=\"{&quot;container_type&quot;:&quot;flex&quot;,&quot;content_width&quot;:&quot;boxed&quot;}\" data-core-v316-plus=\"true\">\n\t\t\t\t\t<div class=\"e-con-inner\">\n\t\t\t\t<div class=\"elementor-element elementor-element-c4080bb elementor-widget elementor-widget-text-editor\" data-id=\"c4080bb\" data-element_type=\"widget\" data-widget_type=\"text-editor.default\">\n\t\t\t\t<div class=\"elementor-widget-container\">\n\t\t\t\t\t\t\t<p>La decoraci\u00f3n de los bordes mediante contracolado implica la <strong>uni\u00f3n de varias capas de material impreso, creando una especie de s\u00e1ndwich<\/strong>. Esto a\u00f1ade una dimensi\u00f3n visual muy atractiva.<\/p>\n<blockquote>\n<p>El contracolado, adem\u00e1s de ser est\u00e9ticamente atractivo, transmite mucha calidad. Es uno de nuestros acabados premium.<\/p>\n<\/blockquote>\n<p>\u00bfBuscas un contraste entre sensaciones t\u00e1ctiles y visuales para tu proyecto? Entonces el contracolado s\u00e1ndwich es tu soluci\u00f3n perfecta. Con esta t\u00e9cnica, <strong>el canto se embellece con un toque de color pero, al mismo tiempo, mantiene la tonalidad natural del soporte.<\/strong> Normalmente, empleamos soportes de diferentes colores y gramajes para marcar la diferencia.<\/p>\n<h3 class=\"wp-block-heading\"><strong>Personalizado<\/strong><\/h3>\t\t\t\t\t\t<\/div>\n\t\t\t\t<\/div>\n\t\t\t\t\t<\/div>\n\t\t\t\t<\/div>\n\t\t<div class=\"elementor-element elementor-element-24b5a7d e-flex e-con-boxed e-con e-parent\" data-id=\"24b5a7d\" data-element_type=\"container\" data-settings=\"{&quot;container_type&quot;:&quot;flex&quot;,&quot;content_width&quot;:&quot;boxed&quot;}\" data-core-v316-plus=\"true\">\n\t\t\t\t\t<div class=\"e-con-inner\">\n\t\t\t\t<div class=\"elementor-element elementor-element-da98a00 elementor-widget elementor-widget-image\" data-id=\"da98a00\" data-element_type=\"widget\" data-widget_type=\"image.default\">\n\t\t\t\t<div class=\"elementor-widget-container\">\n\t\t\t\t\t\t\t\t\t\t\t\t\t\t\t<img loading=\"lazy\" decoding=\"async\" width=\"1024\" height=\"525\" src=\"https:\/\/www.omanimpresores.com\/blog\/wp-content\/uploads\/2023\/11\/personalizacion-de-cantos.jpg\" class=\"attachment-full size-full wp-image-1065\" alt=\"personalizaci\u00f3n de cantos\" srcset=\"https:\/\/www.omanimpresores.com\/blog\/wp-content\/uploads\/2023\/11\/personalizacion-de-cantos.jpg 1024w, https:\/\/www.omanimpresores.com\/blog\/wp-content\/uploads\/2023\/11\/personalizacion-de-cantos-300x154.jpg 300w, https:\/\/www.omanimpresores.com\/blog\/wp-content\/uploads\/2023\/11\/personalizacion-de-cantos-768x394.jpg 768w\" sizes=\"(max-width: 1024px) 100vw, 1024px\" \/>\t\t\t\t\t\t\t\t\t\t\t\t\t\t\t<\/div>\n\t\t\t\t<\/div>\n\t\t\t\t\t<\/div>\n\t\t\t\t<\/div>\n\t\t<div class=\"elementor-element elementor-element-8d9c936 e-flex e-con-boxed e-con e-parent\" data-id=\"8d9c936\" data-element_type=\"container\" data-settings=\"{&quot;container_type&quot;:&quot;flex&quot;,&quot;content_width&quot;:&quot;boxed&quot;}\" data-core-v316-plus=\"true\">\n\t\t\t\t\t<div class=\"e-con-inner\">\n\t\t\t\t<div class=\"elementor-element elementor-element-18ceb7f elementor-widget elementor-widget-text-editor\" data-id=\"18ceb7f\" data-element_type=\"widget\" data-widget_type=\"text-editor.default\">\n\t\t\t\t<div class=\"elementor-widget-container\">\n\t\t\t\t\t\t\t<p>La personalizaci\u00f3n de cantos es una gran novedad. Se realiza mediante impresi\u00f3n digital, pudiendo imprimir el canto de delantera de libros, folletos, cuadernos, agendas, etc.<\/p>\n<p>Es un acabado muy exclusivo, puedes imprimir un logotipo, un eslogan, un texto incluso desde una base de datos.<\/p>\n<p><strong>\u00bfQuieres una impresi\u00f3n de calidad para tu proyecto que incluya el decorado de los bordes?<\/strong> <a href=\"https:\/\/www.omanimpresores.com\/contacta.php\">Contacta<\/a> con el equipo de Om\u00e1n Impresores y te garantizaremos un resultado cuidado al detalle.<\/p><p><br><\/p>\t\t\t\t\t\t<\/div>\n\t\t\t\t<\/div>\n\t\t\t\t\t<\/div>\n\t\t\t\t<\/div>\n\t\t\t\t\t\t\t<\/div>\n\t\t","protected":false},"excerpt":{"rendered":"<p>\u00bfEst\u00e1s buscando una impresi\u00f3n de alta calidad para un proyecto importante? Ya sea una tarjeta, una invitaci\u00f3n o un cuaderno para una presentaci\u00f3n visualmente impactante, es fundamental que consideres cada detalle. Y uno de esos detalles cruciales, aunque muchas veces no lo tengamos en cuenta, es la decoraci\u00f3n de cantos. \u00bfHas pensado alguna vez en [&hellip;]<\/p>\n","protected":false},"author":2,"featured_media":1081,"comment_status":"open","ping_status":"open","sticky":false,"template":"","format":"standard","meta":{"footnotes":""},"categories":[11],"tags":[],"_links":{"self":[{"href":"https:\/\/www.omanimpresores.com\/blog\/wp-json\/wp\/v2\/posts\/1109"}],"collection":[{"href":"https:\/\/www.omanimpresores.com\/blog\/wp-json\/wp\/v2\/posts"}],"about":[{"href":"https:\/\/www.omanimpresores.com\/blog\/wp-json\/wp\/v2\/types\/post"}],"author":[{"embeddable":true,"href":"https:\/\/www.omanimpresores.com\/blog\/wp-json\/wp\/v2\/users\/2"}],"replies":[{"embeddable":true,"href":"https:\/\/www.omanimpresores.com\/blog\/wp-json\/wp\/v2\/comments?post=1109"}],"version-history":[{"count":20,"href":"https:\/\/www.omanimpresores.com\/blog\/wp-json\/wp\/v2\/posts\/1109\/revisions"}],"predecessor-version":[{"id":1163,"href":"https:\/\/www.omanimpresores.com\/blog\/wp-json\/wp\/v2\/posts\/1109\/revisions\/1163"}],"wp:featuredmedia":[{"embeddable":true,"href":"https:\/\/www.omanimpresores.com\/blog\/wp-json\/wp\/v2\/media\/1081"}],"wp:attachment":[{"href":"https:\/\/www.omanimpresores.com\/blog\/wp-json\/wp\/v2\/media?parent=1109"}],"wp:term":[{"taxonomy":"category","embeddable":true,"href":"https:\/\/www.omanimpresores.com\/blog\/wp-json\/wp\/v2\/categories?post=1109"},{"taxonomy":"post_tag","embeddable":true,"href":"https:\/\/www.omanimpresores.com\/blog\/wp-json\/wp\/v2\/tags?post=1109"}],"curies":[{"name":"wp","href":"https:\/\/api.w.org\/{rel}","templated":true}]}}