{"id":1287,"date":"2024-02-29T07:51:47","date_gmt":"2024-02-29T07:51:47","guid":{"rendered":"https:\/\/www.omanimpresores.com\/blog\/?p=1287"},"modified":"2024-02-29T08:04:45","modified_gmt":"2024-02-29T08:04:45","slug":"colores-moda-impresion","status":"publish","type":"post","link":"https:\/\/www.omanimpresores.com\/blog\/tendencias\/colores-moda-impresion\/","title":{"rendered":"Colores de moda en el mundo de la impresi\u00f3n en 2024"},"content":{"rendered":"\t\t<div data-elementor-type=\"wp-post\" data-elementor-id=\"1287\" class=\"elementor elementor-1287\" data-elementor-post-type=\"post\">\n\t\t\t\t\t\t\t\t\t<section class=\"elementor-section elementor-top-section elementor-element elementor-element-691d554 elementor-section-boxed elementor-section-height-default elementor-section-height-default\" data-id=\"691d554\" data-element_type=\"section\">\n\t\t\t\t\t\t<div class=\"elementor-container elementor-column-gap-default\">\n\t\t\t\t\t<div class=\"elementor-column elementor-col-100 elementor-top-column elementor-element elementor-element-21664579\" data-id=\"21664579\" data-element_type=\"column\">\n\t\t\t<div class=\"elementor-widget-wrap elementor-element-populated\">\n\t\t\t\t\t\t\t\t<div class=\"elementor-element elementor-element-64f186f elementor-widget elementor-widget-text-editor\" data-id=\"64f186f\" data-element_type=\"widget\" data-widget_type=\"text-editor.default\">\n\t\t\t\t<div class=\"elementor-widget-container\">\n\t\t\t<style>\/*! elementor - v3.18.0 - 20-12-2023 *\/\n.elementor-widget-text-editor.elementor-drop-cap-view-stacked .elementor-drop-cap{background-color:#69727d;color:#fff}.elementor-widget-text-editor.elementor-drop-cap-view-framed .elementor-drop-cap{color:#69727d;border:3px solid;background-color:transparent}.elementor-widget-text-editor:not(.elementor-drop-cap-view-default) .elementor-drop-cap{margin-top:8px}.elementor-widget-text-editor:not(.elementor-drop-cap-view-default) .elementor-drop-cap-letter{width:1em;height:1em}.elementor-widget-text-editor .elementor-drop-cap{float:left;text-align:center;line-height:1;font-size:50px}.elementor-widget-text-editor .elementor-drop-cap-letter{display:inline-block}<\/style>\t\t\t\t<p>Aunque a veces pueda parecer que solo afecta a las pasarelas, los dise\u00f1adores y las grandes firmas, <strong>la moda llega a todas partes. \u00a1Incluso a las imprentas!<\/strong> Los folletos, libros, revistas, cat\u00e1logos y, en general, proyectos imprimibles se van adaptando, a\u00f1o tras a\u00f1o, a las <strong>nuevas tendencias del mundo de la impresi\u00f3n<\/strong>. Esto afecta, por ejemplo, a sus colores.<\/p>\n<p>\u00bfCu\u00e1les van a ser los <strong>colores de moda en impresi\u00f3n este 2024<\/strong>? \u00a1Vamos a verlo!<\/p>\t\t\t\t\t\t<\/div>\n\t\t\t\t<\/div>\n\t\t\t\t<div class=\"elementor-element elementor-element-d306ee1 elementor-widget__width-initial elementor-widget elementor-widget-text-editor\" data-id=\"d306ee1\" data-element_type=\"widget\" data-widget_type=\"text-editor.default\">\n\t\t\t\t<div class=\"elementor-widget-container\">\n\t\t\t\t\t\t\t<div id=\"ez-toc-container\" class=\"ez-toc-v2_0_55 counter-flat ez-toc-counter ez-toc-grey ez-toc-container-direction\">\n<div class=\"ez-toc-title-container\">\n<p class=\"ez-toc-title \" >Tabla de contenidos<\/p>\n<span class=\"ez-toc-title-toggle\"><\/span><\/div>\n<nav><ul class='ez-toc-list ez-toc-list-level-1 ' ><li class='ez-toc-page-1'><a class=\"ez-toc-link ez-toc-heading-1\" href=\"https:\/\/www.omanimpresores.com\/blog\/tendencias\/colores-moda-impresion\/#Color_pantone_para_2024\" title=\"Color pantone para 2024\">Color pantone para 2024<\/a><\/li><li class='ez-toc-page-1'><a class=\"ez-toc-link ez-toc-heading-2\" href=\"https:\/\/www.omanimpresores.com\/blog\/tendencias\/colores-moda-impresion\/#Tendencias_en_colores_de_impresion_para_2024\" title=\"Tendencias en colores de impresi\u00f3n para 2024\">Tendencias en colores de impresi\u00f3n para 2024<\/a><\/li><\/ul><\/nav><\/div>\n<h2 class=\"wp-block-heading\"><span class=\"ez-toc-section\" id=\"Color_pantone_para_2024\"><\/span><strong>Color pantone para 2024<\/strong><span class=\"ez-toc-section-end\"><\/span><\/h2>\n<p>Como ya sabr\u00e1s, <strong>cada a\u00f1o se designa un color Pantone de moda<\/strong>. Esta empresa naci\u00f3 hace ya m\u00e1s de 60 a\u00f1os con el objetivo de revolucionar la industria de la impresi\u00f3n. Y lo consigui\u00f3, gracias a la creaci\u00f3n de un innovador sistema de clasificaci\u00f3n de los colores.<\/p>\n<blockquote>\n<p>En 1999, Pantone comenz\u00f3 con la tradici\u00f3n de escoger el que iba a ser el color de moda del a\u00f1o, uno de los eventos anuales m\u00e1s importantes del mundo del dise\u00f1o, que sigue celebr\u00e1ndose a d\u00eda de hoy.<\/p>\n<\/blockquote>\n<p>Tras estudiar las obras de arte, la moda, el cine, los dise\u00f1os, la tecnolog\u00eda, la psicolog\u00eda del color y muchos otros factores predictivos, Pantone ha tenido clara su elecci\u00f3n este 2024: <strong>\u201cPantone 13-1023 Peach Fuzz\u201d <\/strong>es su color del a\u00f1o.<\/p>\n<p><!-- \/wp:paragraph --><\/p>\t\t\t\t\t\t<\/div>\n\t\t\t\t<\/div>\n\t\t\t\t\t<\/div>\n\t\t<\/div>\n\t\t\t\t\t\t\t<\/div>\n\t\t<\/section>\n\t\t<div class=\"elementor-element elementor-element-ce92c67 e-con-full e-flex e-con e-parent\" data-id=\"ce92c67\" data-element_type=\"container\" data-settings=\"{&quot;content_width&quot;:&quot;full&quot;,&quot;container_type&quot;:&quot;flex&quot;}\" data-core-v316-plus=\"true\">\n\t\t\t\t<div class=\"elementor-element elementor-element-31c45eb elementor-widget elementor-widget-image\" data-id=\"31c45eb\" data-element_type=\"widget\" data-widget_type=\"image.default\">\n\t\t\t\t<div class=\"elementor-widget-container\">\n\t\t\t<style>\/*! elementor - v3.18.0 - 20-12-2023 *\/\n.elementor-widget-image{text-align:center}.elementor-widget-image a{display:inline-block}.elementor-widget-image a img[src$=\".svg\"]{width:48px}.elementor-widget-image img{vertical-align:middle;display:inline-block}<\/style>\t\t\t\t\t\t\t\t\t\t\t\t<img fetchpriority=\"high\" decoding=\"async\" width=\"1024\" height=\"395\" src=\"https:\/\/www.omanimpresores.com\/blog\/wp-content\/uploads\/2024\/02\/color-pantone-2024.jpg\" class=\"attachment-full size-full wp-image-1289\" alt=\"color pantone 2024\" srcset=\"https:\/\/www.omanimpresores.com\/blog\/wp-content\/uploads\/2024\/02\/color-pantone-2024.jpg 1024w, https:\/\/www.omanimpresores.com\/blog\/wp-content\/uploads\/2024\/02\/color-pantone-2024-300x116.jpg 300w, https:\/\/www.omanimpresores.com\/blog\/wp-content\/uploads\/2024\/02\/color-pantone-2024-768x296.jpg 768w\" sizes=\"(max-width: 1024px) 100vw, 1024px\" \/>\t\t\t\t\t\t\t\t\t\t\t\t\t\t\t<\/div>\n\t\t\t\t<\/div>\n\t\t\t\t<div class=\"elementor-element elementor-element-e850925 elementor-widget__width-initial elementor-widget elementor-widget-text-editor\" data-id=\"e850925\" data-element_type=\"widget\" data-widget_type=\"text-editor.default\">\n\t\t\t\t<div class=\"elementor-widget-container\">\n\t\t\t\t\t\t\t<p>\u00a0<\/p>\n<p>Un <strong>naranja rosado<\/strong> que hace alusi\u00f3n al <strong>deseo general de descanso, respiro y conexi\u00f3n<\/strong> en un momento lleno de tensiones pol\u00edticas y conflictos.<\/p>\n<h2 class=\"wp-block-heading\"><span class=\"ez-toc-section\" id=\"Tendencias_en_colores_de_impresion_para_2024\"><\/span><strong>Tendencias en colores de impresi\u00f3n para 2024<\/strong><span class=\"ez-toc-section-end\"><\/span><\/h2>\n<p>Por tanto, el color Pantone del a\u00f1o ser\u00e1 una de las principales tendencias en colores de impresi\u00f3n y decoraci\u00f3n para 2024, pero no la \u00fanica.<\/p>\n<p>Veremos, en general, tonalidades que apelan a nuestro deseo colectivo de <strong>bienestar, confort y paz con la naturaleza<\/strong>. \u00bfQuieres saber de cu\u00e1les se trata?<\/p>\n<h3 class=\"wp-block-heading\"><strong>El Peach Fuzz y todas sus combinaciones<\/strong><\/h3>\n<p>Como hemos comentado, el puesto n\u00famero 1 es para el color Pantone 2024 Peach Fuzz, pero tambi\u00e9n para las muchas combinaciones que admite.<\/p>\n<p>Su traducci\u00f3n literal significa \u201cmelocot\u00f3n aterciopelado\u201d, y no lo podr\u00eda definir mejor. Se trata de un color pastel con buena dosis de vitalidad, un <strong>tono suave y c\u00e1lido al mismo tiempo. <\/strong><\/p>\n<p>C\u00f3modo y acogedor, el Peach Fuzz invita a ver la naturaleza como nuestro hogar y a tomar conciencia medioambiental, por eso es un color perfecto para la <a href=\"https:\/\/www.omanimpresores.com\/blog\/impresion-sostenible\/impresion-ecologica\/\">impresi\u00f3n ecol\u00f3gica<\/a> de tus proyectos. <strong>Lo veremos combinado habitualmente con dise\u00f1os en tonos tierra, ciruelas y rojos.<\/strong><\/p>\n<p><!-- \/wp:paragraph --><\/p>\t\t\t\t\t\t<\/div>\n\t\t\t\t<\/div>\n\t\t\t\t<div class=\"elementor-element elementor-element-49c6c50 elementor-widget elementor-widget-image\" data-id=\"49c6c50\" data-element_type=\"widget\" data-widget_type=\"image.default\">\n\t\t\t\t<div class=\"elementor-widget-container\">\n\t\t\t\t\t\t\t\t\t\t\t\t\t\t\t<img decoding=\"async\" width=\"1024\" height=\"525\" src=\"https:\/\/www.omanimpresores.com\/blog\/wp-content\/uploads\/2024\/02\/peach-fuzz.png\" class=\"attachment-full size-full wp-image-1290\" alt=\"peach fuzz\" srcset=\"https:\/\/www.omanimpresores.com\/blog\/wp-content\/uploads\/2024\/02\/peach-fuzz.png 1024w, https:\/\/www.omanimpresores.com\/blog\/wp-content\/uploads\/2024\/02\/peach-fuzz-300x154.png 300w, https:\/\/www.omanimpresores.com\/blog\/wp-content\/uploads\/2024\/02\/peach-fuzz-768x394.png 768w\" sizes=\"(max-width: 1024px) 100vw, 1024px\" \/>\t\t\t\t\t\t\t\t\t\t\t\t\t\t\t<\/div>\n\t\t\t\t<\/div>\n\t\t\t\t<div class=\"elementor-element elementor-element-fae1529 elementor-widget__width-initial elementor-widget elementor-widget-text-editor\" data-id=\"fae1529\" data-element_type=\"widget\" data-widget_type=\"text-editor.default\">\n\t\t\t\t<div class=\"elementor-widget-container\">\n\t\t\t\t\t\t\t<p><!-- \/wp:paragraph --><!-- wp:heading {\"level\":3} --><\/p>\n<h3 class=\"wp-block-heading\"><strong>Colores vibrantes para primavera-verano<\/strong><\/h3>\n<p>Todo apunta que, durante la primera parte del a\u00f1o, en el mundo de la impresi\u00f3n triunfar\u00e1n colores como el <strong>naranja, el rojo radiante, el amarillo brillante y el verde intenso.<\/strong> Una paleta llena de energ\u00eda y vitalidad que se adue\u00f1ar\u00e1, sobre todo, de los dise\u00f1os retro, tambi\u00e9n en tendencia.<\/p>\n<blockquote>\n<p>El soporte protagonista, sobre todo para tipograf\u00edas en color verde oliva o verde matcha, ser\u00e1 el <a href=\"https:\/\/www.omanimpresores.com\/blog\/impresion-sostenible\/papel-ecologico-y-papel-reciclado-diferencias\/\">papel reciclado o ecol\u00f3gico<\/a>, de nuevo con el fin de hacer alusi\u00f3n a la importancia del cuidado de la naturaleza.<\/p>\n<\/blockquote>\n<p>En los primeros meses tambi\u00e9n tendr\u00e1n \u00e9xito los azules, como el <strong>azul gris\u00e1ceo y el azul cielo<\/strong>, que representan nuestras ganas de que la transici\u00f3n hacia el nuevo a\u00f1o sea suave y calmada.<\/p>\n<p><!-- \/wp:paragraph --><!-- wp:image {\"id\":953,\"sizeSlug\":\"large\",\"linkDestination\":\"none\"} --><\/p>\n<p><!-- \/wp:paragraph --><\/p>\t\t\t\t\t\t<\/div>\n\t\t\t\t<\/div>\n\t\t\t\t<div class=\"elementor-element elementor-element-c88f2c5 elementor-widget elementor-widget-image\" data-id=\"c88f2c5\" data-element_type=\"widget\" data-widget_type=\"image.default\">\n\t\t\t\t<div class=\"elementor-widget-container\">\n\t\t\t\t\t\t\t\t\t\t\t\t\t\t\t<img decoding=\"async\" width=\"1024\" height=\"525\" src=\"https:\/\/www.omanimpresores.com\/blog\/wp-content\/uploads\/2024\/02\/tendencias-colores-impresion.png\" class=\"attachment-full size-full wp-image-1294\" alt=\"\" srcset=\"https:\/\/www.omanimpresores.com\/blog\/wp-content\/uploads\/2024\/02\/tendencias-colores-impresion.png 1024w, https:\/\/www.omanimpresores.com\/blog\/wp-content\/uploads\/2024\/02\/tendencias-colores-impresion-300x154.png 300w, https:\/\/www.omanimpresores.com\/blog\/wp-content\/uploads\/2024\/02\/tendencias-colores-impresion-768x394.png 768w\" sizes=\"(max-width: 1024px) 100vw, 1024px\" \/>\t\t\t\t\t\t\t\t\t\t\t\t\t\t\t<\/div>\n\t\t\t\t<\/div>\n\t\t\t\t<div class=\"elementor-element elementor-element-f3a36ed elementor-widget__width-initial elementor-widget elementor-widget-text-editor\" data-id=\"f3a36ed\" data-element_type=\"widget\" data-widget_type=\"text-editor.default\">\n\t\t\t\t<div class=\"elementor-widget-container\">\n\t\t\t\t\t\t\t<h3 class=\"wp-block-heading\"><strong>Tonos c\u00e1lidos en oto\u00f1o-invierno<\/strong><\/h3>\n<p>\u00bfY qu\u00e9 pasar\u00e1 con los colores de moda en impresi\u00f3n en la segunda mitad del 2024? Pues los <strong>tonos tierra y algo m\u00e1s oscuros<\/strong> llegar\u00e1n para quedarse. El lavanda y el color ciruela arrasar\u00e1n en folletos y roll-ups, al igual que el \u00f3xido, los tonos miel y dorados y los marrones terrosos.<\/p>\n<p>Como expertos en la <a href=\"https:\/\/www.omanimpresores.com\/impresion-offset.html\">impresi\u00f3n offset de im\u00e1genes<\/a>, en Om\u00e1n Impresores ya hemos tomado nota de las tendencias crom\u00e1ticas del a\u00f1o. Si necesitas <strong>soporte a la hora de escoger los colores de tu proyecto impres<\/strong>o o con cualquier otra cuesti\u00f3n, estamos aqu\u00ed para ayudarte.<\/p>\n<p>Somos la imprenta de los perfeccionistas, y nos encargaremos de cuidar tu trabajo con mimo, perfilando desde sus tonalidades hasta el m\u00e1s m\u00ednimo detalle. Haremos realidad la impresi\u00f3n de tus sue\u00f1os. \u00a1<a href=\"https:\/\/www.omanimpresores.com\/contacta.php\">Contacta<\/a> ya con nuestro equipo!<\/p>\n<p><!-- \/wp:paragraph --><\/p>\t\t\t\t\t\t<\/div>\n\t\t\t\t<\/div>\n\t\t\t\t<\/div>\n\t\t<div class=\"elementor-element elementor-element-e51f261 e-flex e-con-boxed e-con e-parent\" data-id=\"e51f261\" data-element_type=\"container\" data-settings=\"{&quot;container_type&quot;:&quot;flex&quot;,&quot;content_width&quot;:&quot;boxed&quot;}\" data-core-v316-plus=\"true\">\n\t\t\t\t\t<div class=\"e-con-inner\">\n\t\t\t\t\t<\/div>\n\t\t\t\t<\/div>\n\t\t\t\t\t\t\t<\/div>\n\t\t","protected":false},"excerpt":{"rendered":"<p>Aunque a veces pueda parecer que solo afecta a las pasarelas, los dise\u00f1adores y las grandes firmas, la moda llega a todas partes. \u00a1Incluso a las imprentas! Los folletos, libros, revistas, cat\u00e1logos y, en general, proyectos imprimibles se van adaptando, a\u00f1o tras a\u00f1o, a las nuevas tendencias del mundo de la impresi\u00f3n. Esto afecta, por [&hellip;]<\/p>\n","protected":false},"author":2,"featured_media":1286,"comment_status":"open","ping_status":"open","sticky":false,"template":"","format":"standard","meta":{"footnotes":""},"categories":[16],"tags":[],"_links":{"self":[{"href":"https:\/\/www.omanimpresores.com\/blog\/wp-json\/wp\/v2\/posts\/1287"}],"collection":[{"href":"https:\/\/www.omanimpresores.com\/blog\/wp-json\/wp\/v2\/posts"}],"about":[{"href":"https:\/\/www.omanimpresores.com\/blog\/wp-json\/wp\/v2\/types\/post"}],"author":[{"embeddable":true,"href":"https:\/\/www.omanimpresores.com\/blog\/wp-json\/wp\/v2\/users\/2"}],"replies":[{"embeddable":true,"href":"https:\/\/www.omanimpresores.com\/blog\/wp-json\/wp\/v2\/comments?post=1287"}],"version-history":[{"count":11,"href":"https:\/\/www.omanimpresores.com\/blog\/wp-json\/wp\/v2\/posts\/1287\/revisions"}],"predecessor-version":[{"id":1305,"href":"https:\/\/www.omanimpresores.com\/blog\/wp-json\/wp\/v2\/posts\/1287\/revisions\/1305"}],"wp:featuredmedia":[{"embeddable":true,"href":"https:\/\/www.omanimpresores.com\/blog\/wp-json\/wp\/v2\/media\/1286"}],"wp:attachment":[{"href":"https:\/\/www.omanimpresores.com\/blog\/wp-json\/wp\/v2\/media?parent=1287"}],"wp:term":[{"taxonomy":"category","embeddable":true,"href":"https:\/\/www.omanimpresores.com\/blog\/wp-json\/wp\/v2\/categories?post=1287"},{"taxonomy":"post_tag","embeddable":true,"href":"https:\/\/www.omanimpresores.com\/blog\/wp-json\/wp\/v2\/tags?post=1287"}],"curies":[{"name":"wp","href":"https:\/\/api.w.org\/{rel}","templated":true}]}}